{"id":7653,"date":"2013-08-13T11:14:08","date_gmt":"2013-08-13T09:14:08","guid":{"rendered":"https:\/\/www.esclapes.com\/acondicionado-fachada-centro-social-n-5\/"},"modified":"2022-03-22T17:41:25","modified_gmt":"2022-03-22T16:41:25","slug":"upgrade-facade-social-centre","status":"publish","type":"post","link":"https:\/\/www.esclapes.com\/en\/upgrade-facade-social-centre\/","title":{"rendered":"Upgrade to the facade of social centre n\u00ba5"},"content":{"rendered":"<div id=\"metaslider-id-2035\" style=\"max-width: 1080px;\" class=\"ml-slider-3-107-0 metaslider metaslider-flex metaslider-2035 ml-slider has-dots-nav ms-theme-default\" role=\"region\" aria-label=\"Acondicionado fachada Centro Social n5\" data-height=\"600\" data-width=\"1080\">\n    <div id=\"metaslider_container_2035\">\n        <div id=\"metaslider_2035\">\n            <ul class='slides'>\n                <li style=\"display: block; width: 100%;\" class=\"slide-2037 ms-image \" aria-roledescription=\"slide\" data-date=\"2015-07-02 10:13:33\" data-filename=\"01062010_0021-867x482.jpg\" data-slide-type=\"image\"><img decoding=\"async\" src=\"https:\/\/www.esclapes.com\/wp-content\/uploads\/2015\/07\/01062010_0021-867x482.jpg\" height=\"600\" width=\"1080\" alt=\"rehabilitaci\u00f3n-fachada-alicante\" class=\"slider-2035 slide-2037 msDefaultImage\" \/><\/li>\n                <li style=\"display: none; width: 100%;\" class=\"slide-2038 ms-image \" aria-roledescription=\"slide\" data-date=\"2015-07-02 10:13:35\" data-filename=\"centro_social_5_2-867x482.jpg\" data-slide-type=\"image\"><img decoding=\"async\" src=\"https:\/\/www.esclapes.com\/wp-content\/uploads\/2015\/07\/centro_social_5_2-867x482.jpg\" height=\"600\" width=\"1080\" alt=\"rehabilitaci\u00f3n-fachada-alicante\" class=\"slider-2035 slide-2038 msDefaultImage\" \/><\/li>\n                <li style=\"display: none; width: 100%;\" class=\"slide-2042 ms-image \" aria-roledescription=\"slide\" data-date=\"2015-07-02 10:13:43\" data-filename=\"principal_581-867x482.jpg\" data-slide-type=\"image\"><img decoding=\"async\" src=\"https:\/\/www.esclapes.com\/wp-content\/uploads\/2015\/07\/principal_581-867x482.jpg\" height=\"600\" width=\"1080\" alt=\"rehabilitaci\u00f3n-fachada-alicante\" class=\"slider-2035 slide-2042 msDefaultImage\" \/><\/li>\n                <li style=\"display: none; width: 100%;\" class=\"slide-2041 ms-image \" aria-roledescription=\"slide\" data-date=\"2015-07-02 10:13:41\" data-filename=\"centro_social_5_51-867x482.jpg\" data-slide-type=\"image\"><img decoding=\"async\" src=\"https:\/\/www.esclapes.com\/wp-content\/uploads\/2015\/07\/centro_social_5_51-867x482.jpg\" height=\"600\" width=\"1080\" alt=\"rehabilitaci\u00f3n-fachada-alicante\" class=\"slider-2035 slide-2041 msDefaultImage\" \/><\/li>\n                <li style=\"display: none; width: 100%;\" class=\"slide-2040 ms-image \" aria-roledescription=\"slide\" data-date=\"2015-07-02 10:13:39\" data-filename=\"centro_social_5_41-867x482.jpg\" data-slide-type=\"image\"><img decoding=\"async\" src=\"https:\/\/www.esclapes.com\/wp-content\/uploads\/2015\/07\/centro_social_5_41-867x482.jpg\" height=\"600\" width=\"1080\" alt=\"rehabilitaci\u00f3n-fachada-alicante\" class=\"slider-2035 slide-2040 msDefaultImage\" \/><\/li>\n                <li style=\"display: none; width: 100%;\" class=\"slide-2039 ms-image \" aria-roledescription=\"slide\" data-date=\"2015-07-02 10:13:37\" data-filename=\"centro_social_5_11-867x482.jpg\" data-slide-type=\"image\"><img decoding=\"async\" src=\"https:\/\/www.esclapes.com\/wp-content\/uploads\/2015\/07\/centro_social_5_11-867x482.jpg\" height=\"600\" width=\"1080\" alt=\"rehabilitaci\u00f3n-fachada-alicante\" class=\"slider-2035 slide-2039 msDefaultImage\" \/><\/li>\n            <\/ul>\n        <\/div>\n        \n    <\/div>\n<\/div> Repairs to panels on ventilated facade and on all exterior surfaces of the building.<\/p>\n","protected":false},"excerpt":{"rendered":"<p>Repairs to panels on ventilated facade and on all exterior surfaces of the building.<\/p>\n","protected":false},"author":1,"featured_media":0,"comment_status":"closed","ping_status":"closed","sticky":false,"template":"","format":"standard","meta":{"rs_blank_template":"","rs_page_bg_color":"","slide_template_v7":"","footnotes":""},"categories":[357,350],"tags":[],"class_list":["post-7653","post","type-post","status-publish","format-standard","hentry","category-blog","category-public-works-renovations"],"yoast_head":"<!-- This site is optimized with the Yoast SEO Premium plugin v24.9 (Yoast SEO v27.4) - https:\/\/yoast.com\/product\/yoast-seo-premium-wordpress\/ -->\n<title>Upgrade to the facade of social centre n\u00ba5 - Esclap\u00e9s e Hijos, S.L.<\/title>\n<meta name=\"robots\" content=\"index, follow, max-snippet:-1, max-image-preview:large, max-video-preview:-1\" \/>\n<link rel=\"canonical\" href=\"https:\/\/www.esclapes.com\/en\/upgrade-facade-social-centre\/\" \/>\n<meta property=\"og:locale\" content=\"en_US\" \/>\n<meta property=\"og:type\" content=\"article\" \/>\n<meta property=\"og:title\" content=\"Upgrade to the facade of social centre n\u00ba5\" \/>\n<meta property=\"og:description\" content=\"Repairs to panels on ventilated facade and on all exterior surfaces of the building.\" \/>\n<meta property=\"og:url\" content=\"https:\/\/www.esclapes.com\/en\/upgrade-facade-social-centre\/\" \/>\n<meta property=\"og:site_name\" content=\"Esclap\u00e9s e Hijos, S.L.\" \/>\n<meta property=\"article:published_time\" content=\"2013-08-13T09:14:08+00:00\" \/>\n<meta property=\"article:modified_time\" content=\"2022-03-22T16:41:25+00:00\" \/>\n<meta name=\"author\" content=\"esclapes\" \/>\n<meta name=\"twitter:card\" content=\"summary_large_image\" \/>\n<meta name=\"twitter:label1\" content=\"Written by\" \/>\n\t<meta name=\"twitter:data1\" content=\"esclapes\" \/>\n<script type=\"application\/ld+json\" class=\"yoast-schema-graph\">{\"@context\":\"https:\\\/\\\/schema.org\",\"@graph\":[{\"@type\":\"Article\",\"@id\":\"https:\\\/\\\/www.esclapes.com\\\/en\\\/upgrade-facade-social-centre\\\/#article\",\"isPartOf\":{\"@id\":\"https:\\\/\\\/www.esclapes.com\\\/en\\\/upgrade-facade-social-centre\\\/\"},\"author\":{\"name\":\"esclapes\",\"@id\":\"https:\\\/\\\/www.esclapes.com\\\/en\\\/#\\\/schema\\\/person\\\/c22673e518082891b670e717d83e13bd\"},\"headline\":\"Upgrade to the facade of social centre n\u00ba5\",\"datePublished\":\"2013-08-13T09:14:08+00:00\",\"dateModified\":\"2022-03-22T16:41:25+00:00\",\"mainEntityOfPage\":{\"@id\":\"https:\\\/\\\/www.esclapes.com\\\/en\\\/upgrade-facade-social-centre\\\/\"},\"wordCount\":24,\"publisher\":{\"@id\":\"https:\\\/\\\/www.esclapes.com\\\/en\\\/#organization\"},\"articleSection\":[\"Blog\",\"Public works\"],\"inLanguage\":\"en-US\"},{\"@type\":\"WebPage\",\"@id\":\"https:\\\/\\\/www.esclapes.com\\\/en\\\/upgrade-facade-social-centre\\\/\",\"url\":\"https:\\\/\\\/www.esclapes.com\\\/en\\\/upgrade-facade-social-centre\\\/\",\"name\":\"Upgrade to the facade of social centre n\u00ba5 - Esclap\u00e9s e Hijos, S.L.\",\"isPartOf\":{\"@id\":\"https:\\\/\\\/www.esclapes.com\\\/en\\\/#website\"},\"datePublished\":\"2013-08-13T09:14:08+00:00\",\"dateModified\":\"2022-03-22T16:41:25+00:00\",\"breadcrumb\":{\"@id\":\"https:\\\/\\\/www.esclapes.com\\\/en\\\/upgrade-facade-social-centre\\\/#breadcrumb\"},\"inLanguage\":\"en-US\",\"potentialAction\":[{\"@type\":\"ReadAction\",\"target\":[\"https:\\\/\\\/www.esclapes.com\\\/en\\\/upgrade-facade-social-centre\\\/\"]}]},{\"@type\":\"BreadcrumbList\",\"@id\":\"https:\\\/\\\/www.esclapes.com\\\/en\\\/upgrade-facade-social-centre\\\/#breadcrumb\",\"itemListElement\":[{\"@type\":\"ListItem\",\"position\":1,\"name\":\"Portada\",\"item\":\"https:\\\/\\\/www.esclapes.com\\\/en\\\/\"},{\"@type\":\"ListItem\",\"position\":2,\"name\":\"Upgrade to the facade of social centre n\u00ba5\"}]},{\"@type\":\"WebSite\",\"@id\":\"https:\\\/\\\/www.esclapes.com\\\/en\\\/#website\",\"url\":\"https:\\\/\\\/www.esclapes.com\\\/en\\\/\",\"name\":\"Esclap\u00e9s e Hijos, S.L.\",\"description\":\"Construcci\u00f3n de naves industriales y rehabilitaci\u00f3n de edificios, pilares, estructura, fachadas en todo tipo edificios. Ofrecemos buen precio y mejor calidad.\",\"publisher\":{\"@id\":\"https:\\\/\\\/www.esclapes.com\\\/en\\\/#organization\"},\"potentialAction\":[{\"@type\":\"SearchAction\",\"target\":{\"@type\":\"EntryPoint\",\"urlTemplate\":\"https:\\\/\\\/www.esclapes.com\\\/en\\\/?s={search_term_string}\"},\"query-input\":{\"@type\":\"PropertyValueSpecification\",\"valueRequired\":true,\"valueName\":\"search_term_string\"}}],\"inLanguage\":\"en-US\"},{\"@type\":[\"Organization\",\"Place\"],\"@id\":\"https:\\\/\\\/www.esclapes.com\\\/en\\\/#organization\",\"name\":\"Esclap\u00e9s e Hijos, S.L.\",\"alternateName\":\"Esclap\u00e9s e Hijos\",\"url\":\"https:\\\/\\\/www.esclapes.com\\\/en\\\/\",\"logo\":{\"@id\":\"https:\\\/\\\/www.esclapes.com\\\/en\\\/upgrade-facade-social-centre\\\/#local-main-organization-logo\"},\"image\":{\"@id\":\"https:\\\/\\\/www.esclapes.com\\\/en\\\/upgrade-facade-social-centre\\\/#local-main-organization-logo\"},\"sameAs\":[\"https:\\\/\\\/www.linkedin.com\\\/company\\\/11000369\\\/admin\\\/feed\\\/posts\\\/\",\"https:\\\/\\\/es.linkedin.com\\\/company\\\/esclaps-e-hijos-sl\"],\"openingHoursSpecification\":[{\"@type\":\"OpeningHoursSpecification\",\"dayOfWeek\":[\"Monday\",\"Tuesday\",\"Wednesday\",\"Thursday\",\"Friday\",\"Saturday\",\"Sunday\"],\"opens\":\"09:00\",\"closes\":\"17:00\"}]},{\"@type\":\"Person\",\"@id\":\"https:\\\/\\\/www.esclapes.com\\\/en\\\/#\\\/schema\\\/person\\\/c22673e518082891b670e717d83e13bd\",\"name\":\"esclapes\",\"image\":{\"@type\":\"ImageObject\",\"inLanguage\":\"en-US\",\"@id\":\"https:\\\/\\\/secure.gravatar.com\\\/avatar\\\/d4acbb0f614c59d3e324e056e20917b2d11ab4075785b0228a0543ec33e08b8d?s=96&d=mm&r=g\",\"url\":\"https:\\\/\\\/secure.gravatar.com\\\/avatar\\\/d4acbb0f614c59d3e324e056e20917b2d11ab4075785b0228a0543ec33e08b8d?s=96&d=mm&r=g\",\"contentUrl\":\"https:\\\/\\\/secure.gravatar.com\\\/avatar\\\/d4acbb0f614c59d3e324e056e20917b2d11ab4075785b0228a0543ec33e08b8d?s=96&d=mm&r=g\",\"caption\":\"esclapes\"},\"url\":\"https:\\\/\\\/www.esclapes.com\\\/en\\\/author\\\/esclapes\\\/\"},{\"@type\":\"ImageObject\",\"inLanguage\":\"en-US\",\"@id\":\"https:\\\/\\\/www.esclapes.com\\\/en\\\/upgrade-facade-social-centre\\\/#local-main-organization-logo\",\"url\":\"https:\\\/\\\/www.esclapes.com\\\/wp-content\\\/uploads\\\/2023\\\/07\\\/ESCLAPES-LOGO-CUADRADO.png\",\"contentUrl\":\"https:\\\/\\\/www.esclapes.com\\\/wp-content\\\/uploads\\\/2023\\\/07\\\/ESCLAPES-LOGO-CUADRADO.png\",\"width\":1191,\"height\":1191,\"caption\":\"Esclap\u00e9s e Hijos, S.L.\"}]}<\/script>\n<!-- \/ Yoast SEO Premium plugin. -->","yoast_head_json":{"title":"Upgrade to the facade of social centre n\u00ba5 - Esclap\u00e9s e Hijos, S.L.","robots":{"index":"index","follow":"follow","max-snippet":"max-snippet:-1","max-image-preview":"max-image-preview:large","max-video-preview":"max-video-preview:-1"},"canonical":"https:\/\/www.esclapes.com\/en\/upgrade-facade-social-centre\/","og_locale":"en_US","og_type":"article","og_title":"Upgrade to the facade of social centre n\u00ba5","og_description":"Repairs to panels on ventilated facade and on all exterior surfaces of the building.","og_url":"https:\/\/www.esclapes.com\/en\/upgrade-facade-social-centre\/","og_site_name":"Esclap\u00e9s e Hijos, S.L.","article_published_time":"2013-08-13T09:14:08+00:00","article_modified_time":"2022-03-22T16:41:25+00:00","author":"esclapes","twitter_card":"summary_large_image","twitter_misc":{"Written by":"esclapes"},"schema":{"@context":"https:\/\/schema.org","@graph":[{"@type":"Article","@id":"https:\/\/www.esclapes.com\/en\/upgrade-facade-social-centre\/#article","isPartOf":{"@id":"https:\/\/www.esclapes.com\/en\/upgrade-facade-social-centre\/"},"author":{"name":"esclapes","@id":"https:\/\/www.esclapes.com\/en\/#\/schema\/person\/c22673e518082891b670e717d83e13bd"},"headline":"Upgrade to the facade of social centre n\u00ba5","datePublished":"2013-08-13T09:14:08+00:00","dateModified":"2022-03-22T16:41:25+00:00","mainEntityOfPage":{"@id":"https:\/\/www.esclapes.com\/en\/upgrade-facade-social-centre\/"},"wordCount":24,"publisher":{"@id":"https:\/\/www.esclapes.com\/en\/#organization"},"articleSection":["Blog","Public works"],"inLanguage":"en-US"},{"@type":"WebPage","@id":"https:\/\/www.esclapes.com\/en\/upgrade-facade-social-centre\/","url":"https:\/\/www.esclapes.com\/en\/upgrade-facade-social-centre\/","name":"Upgrade to the facade of social centre n\u00ba5 - Esclap\u00e9s e Hijos, S.L.","isPartOf":{"@id":"https:\/\/www.esclapes.com\/en\/#website"},"datePublished":"2013-08-13T09:14:08+00:00","dateModified":"2022-03-22T16:41:25+00:00","breadcrumb":{"@id":"https:\/\/www.esclapes.com\/en\/upgrade-facade-social-centre\/#breadcrumb"},"inLanguage":"en-US","potentialAction":[{"@type":"ReadAction","target":["https:\/\/www.esclapes.com\/en\/upgrade-facade-social-centre\/"]}]},{"@type":"BreadcrumbList","@id":"https:\/\/www.esclapes.com\/en\/upgrade-facade-social-centre\/#breadcrumb","itemListElement":[{"@type":"ListItem","position":1,"name":"Portada","item":"https:\/\/www.esclapes.com\/en\/"},{"@type":"ListItem","position":2,"name":"Upgrade to the facade of social centre n\u00ba5"}]},{"@type":"WebSite","@id":"https:\/\/www.esclapes.com\/en\/#website","url":"https:\/\/www.esclapes.com\/en\/","name":"Esclap\u00e9s e Hijos, S.L.","description":"Construcci\u00f3n de naves industriales y rehabilitaci\u00f3n de edificios, pilares, estructura, fachadas en todo tipo edificios. Ofrecemos buen precio y mejor calidad.","publisher":{"@id":"https:\/\/www.esclapes.com\/en\/#organization"},"potentialAction":[{"@type":"SearchAction","target":{"@type":"EntryPoint","urlTemplate":"https:\/\/www.esclapes.com\/en\/?s={search_term_string}"},"query-input":{"@type":"PropertyValueSpecification","valueRequired":true,"valueName":"search_term_string"}}],"inLanguage":"en-US"},{"@type":["Organization","Place"],"@id":"https:\/\/www.esclapes.com\/en\/#organization","name":"Esclap\u00e9s e Hijos, S.L.","alternateName":"Esclap\u00e9s e Hijos","url":"https:\/\/www.esclapes.com\/en\/","logo":{"@id":"https:\/\/www.esclapes.com\/en\/upgrade-facade-social-centre\/#local-main-organization-logo"},"image":{"@id":"https:\/\/www.esclapes.com\/en\/upgrade-facade-social-centre\/#local-main-organization-logo"},"sameAs":["https:\/\/www.linkedin.com\/company\/11000369\/admin\/feed\/posts\/","https:\/\/es.linkedin.com\/company\/esclaps-e-hijos-sl"],"openingHoursSpecification":[{"@type":"OpeningHoursSpecification","dayOfWeek":["Monday","Tuesday","Wednesday","Thursday","Friday","Saturday","Sunday"],"opens":"09:00","closes":"17:00"}]},{"@type":"Person","@id":"https:\/\/www.esclapes.com\/en\/#\/schema\/person\/c22673e518082891b670e717d83e13bd","name":"esclapes","image":{"@type":"ImageObject","inLanguage":"en-US","@id":"https:\/\/secure.gravatar.com\/avatar\/d4acbb0f614c59d3e324e056e20917b2d11ab4075785b0228a0543ec33e08b8d?s=96&d=mm&r=g","url":"https:\/\/secure.gravatar.com\/avatar\/d4acbb0f614c59d3e324e056e20917b2d11ab4075785b0228a0543ec33e08b8d?s=96&d=mm&r=g","contentUrl":"https:\/\/secure.gravatar.com\/avatar\/d4acbb0f614c59d3e324e056e20917b2d11ab4075785b0228a0543ec33e08b8d?s=96&d=mm&r=g","caption":"esclapes"},"url":"https:\/\/www.esclapes.com\/en\/author\/esclapes\/"},{"@type":"ImageObject","inLanguage":"en-US","@id":"https:\/\/www.esclapes.com\/en\/upgrade-facade-social-centre\/#local-main-organization-logo","url":"https:\/\/www.esclapes.com\/wp-content\/uploads\/2023\/07\/ESCLAPES-LOGO-CUADRADO.png","contentUrl":"https:\/\/www.esclapes.com\/wp-content\/uploads\/2023\/07\/ESCLAPES-LOGO-CUADRADO.png","width":1191,"height":1191,"caption":"Esclap\u00e9s e Hijos, S.L."}]}},"_links":{"self":[{"href":"https:\/\/www.esclapes.com\/en\/wp-json\/wp\/v2\/posts\/7653","targetHints":{"allow":["GET"]}}],"collection":[{"href":"https:\/\/www.esclapes.com\/en\/wp-json\/wp\/v2\/posts"}],"about":[{"href":"https:\/\/www.esclapes.com\/en\/wp-json\/wp\/v2\/types\/post"}],"author":[{"embeddable":true,"href":"https:\/\/www.esclapes.com\/en\/wp-json\/wp\/v2\/users\/1"}],"replies":[{"embeddable":true,"href":"https:\/\/www.esclapes.com\/en\/wp-json\/wp\/v2\/comments?post=7653"}],"version-history":[{"count":0,"href":"https:\/\/www.esclapes.com\/en\/wp-json\/wp\/v2\/posts\/7653\/revisions"}],"wp:attachment":[{"href":"https:\/\/www.esclapes.com\/en\/wp-json\/wp\/v2\/media?parent=7653"}],"wp:term":[{"taxonomy":"category","embeddable":true,"href":"https:\/\/www.esclapes.com\/en\/wp-json\/wp\/v2\/categories?post=7653"},{"taxonomy":"post_tag","embeddable":true,"href":"https:\/\/www.esclapes.com\/en\/wp-json\/wp\/v2\/tags?post=7653"}],"curies":[{"name":"wp","href":"https:\/\/api.w.org\/{rel}","templated":true}]}}