{"id":7254,"date":"2015-03-06T16:29:04","date_gmt":"2015-03-06T16:29:04","guid":{"rendered":"https:\/\/www.esclapes.com\/rehabilitacion-de-fachada-edificio-lucia-elda-alicante\/"},"modified":"2022-03-22T18:15:29","modified_gmt":"2022-03-22T17:15:29","slug":"refurbishment-lucia-building-facade-elda","status":"publish","type":"post","link":"https:\/\/www.esclapes.com\/en\/refurbishment-lucia-building-facade-elda\/","title":{"rendered":"REFURBISHMENT OF LUCIA BUILDING FACADE, ELDA (ALICANTE)"},"content":{"rendered":"<div id=\"metaslider-id-2007\" style=\"max-width: 1080px;\" class=\"ml-slider-3-107-0 metaslider metaslider-flex metaslider-2007 ml-slider has-dots-nav ms-theme-default\" role=\"region\" aria-label=\"rehabilitacion-de-fachada-edificio-lucia-elda-(alicante)\" data-height=\"600\" data-width=\"1080\">\n    <div id=\"metaslider_container_2007\">\n        <div id=\"metaslider_2007\">\n            <ul class='slides'>\n                <li style=\"display: block; width: 100%;\" class=\"slide-2098 ms-image \" aria-roledescription=\"slide\" data-date=\"2015-08-11 16:45:59\" data-filename=\"rehabilitacion-fachada-comunidad-elda-10-640x355.jpg\" data-slide-type=\"image\"><img decoding=\"async\" src=\"https:\/\/www.esclapes.com\/wp-content\/uploads\/2015\/08\/rehabilitacion-fachada-comunidad-elda-10-640x355.jpg\" height=\"600\" width=\"1080\" alt=\"rehabilitacion-fachada-comunidad-elda\" class=\"slider-2007 slide-2098 msDefaultImage\" title=\"rehabilitacion-fachada-comunidad-elda\" \/><div class=\"caption-wrap\"><div class=\"caption\">rehabilitacion-fachada-comunidad-elda<\/div><\/div><\/li>\n                <li style=\"display: none; width: 100%;\" class=\"slide-2094 ms-image \" aria-roledescription=\"slide\" data-date=\"2015-08-11 16:45:43\" data-filename=\"rehabilitacion-fachada-comunidad-elda-06-640x355.jpg\" data-slide-type=\"image\"><img decoding=\"async\" src=\"https:\/\/www.esclapes.com\/wp-content\/uploads\/2015\/08\/rehabilitacion-fachada-comunidad-elda-06-640x355.jpg\" height=\"600\" width=\"1080\" alt=\"rehabilitacion-fachada-comunidad-elda\" class=\"slider-2007 slide-2094 msDefaultImage\" title=\"rehabilitacion-fachada-comunidad-elda\" \/><div class=\"caption-wrap\"><div class=\"caption\">rehabilitacion-fachada-comunidad-elda<\/div><\/div><\/li>\n                <li style=\"display: none; width: 100%;\" class=\"slide-2093 ms-image \" aria-roledescription=\"slide\" data-date=\"2015-08-11 16:45:38\" data-filename=\"rehabilitacion-fachada-comunidad-elda-05-640x355.jpg\" data-slide-type=\"image\"><img decoding=\"async\" src=\"https:\/\/www.esclapes.com\/wp-content\/uploads\/2015\/08\/rehabilitacion-fachada-comunidad-elda-05-640x355.jpg\" height=\"600\" width=\"1080\" alt=\"rehabilitacion-fachada-comunidad-elda\" class=\"slider-2007 slide-2093 msDefaultImage\" title=\"rehabilitacion-fachada-comunidad-elda\" \/><div class=\"caption-wrap\"><div class=\"caption\">rehabilitacion-fachada-comunidad-elda<\/div><\/div><\/li>\n                <li style=\"display: none; width: 100%;\" class=\"slide-2092 ms-image \" aria-roledescription=\"slide\" data-date=\"2015-08-11 16:45:35\" data-filename=\"rehabilitacion-fachada-comunidad-elda-04-640x355.jpg\" data-slide-type=\"image\"><img decoding=\"async\" src=\"https:\/\/www.esclapes.com\/wp-content\/uploads\/2015\/08\/rehabilitacion-fachada-comunidad-elda-04-640x355.jpg\" height=\"600\" width=\"1080\" alt=\"rehabilitacion-fachada-comunidad-elda\" class=\"slider-2007 slide-2092 msDefaultImage\" title=\"rehabilitacion-fachada-comunidad-elda\" \/><div class=\"caption-wrap\"><div class=\"caption\">rehabilitacion-fachada-comunidad-elda<\/div><\/div><\/li>\n                <li style=\"display: none; width: 100%;\" class=\"slide-2091 ms-image \" aria-roledescription=\"slide\" data-date=\"2015-08-11 16:45:31\" data-filename=\"rehabilitacion-fachada-comunidad-elda-03-640x355.jpg\" data-slide-type=\"image\"><img decoding=\"async\" src=\"https:\/\/www.esclapes.com\/wp-content\/uploads\/2015\/08\/rehabilitacion-fachada-comunidad-elda-03-640x355.jpg\" height=\"600\" width=\"1080\" alt=\"rehabilitacion-fachada-comunidad-elda\" class=\"slider-2007 slide-2091 msDefaultImage\" title=\"rehabilitacion-fachada-comunidad-elda\" \/><div class=\"caption-wrap\"><div class=\"caption\">rehabilitacion-fachada-comunidad-elda<\/div><\/div><\/li>\n                <li style=\"display: none; width: 100%;\" class=\"slide-2090 ms-image \" aria-roledescription=\"slide\" data-date=\"2015-08-11 16:45:26\" data-filename=\"rehabilitacion-fachada-comunidad-elda-02-640x355.jpg\" data-slide-type=\"image\"><img decoding=\"async\" src=\"https:\/\/www.esclapes.com\/wp-content\/uploads\/2015\/08\/rehabilitacion-fachada-comunidad-elda-02-640x355.jpg\" height=\"600\" width=\"1080\" alt=\"rehabilitacion-fachada-comunidad-elda\" class=\"slider-2007 slide-2090 msDefaultImage\" title=\"rehabilitacion-fachada-comunidad-elda\" \/><div class=\"caption-wrap\"><div class=\"caption\">rehabilitacion-fachada-comunidad-elda<\/div><\/div><\/li>\n                <li style=\"display: none; width: 100%;\" class=\"slide-2095 ms-image \" aria-roledescription=\"slide\" data-date=\"2015-08-11 16:45:47\" data-filename=\"rehabilitacion-fachada-comunidad-elda-07-640x355.jpg\" data-slide-type=\"image\"><img decoding=\"async\" src=\"https:\/\/www.esclapes.com\/wp-content\/uploads\/2015\/08\/rehabilitacion-fachada-comunidad-elda-07-640x355.jpg\" height=\"600\" width=\"1080\" alt=\"rehabilitacion-fachada-comunidad-elda\" class=\"slider-2007 slide-2095 msDefaultImage\" title=\"rehabilitacion-fachada-comunidad-elda\" \/><div class=\"caption-wrap\"><div class=\"caption\">rehabilitacion-fachada-comunidad-elda<\/div><\/div><\/li>\n                <li style=\"display: none; width: 100%;\" class=\"slide-2096 ms-image \" aria-roledescription=\"slide\" data-date=\"2015-08-11 16:45:51\" data-filename=\"rehabilitacion-fachada-comunidad-elda-08-640x355.jpg\" data-slide-type=\"image\"><img decoding=\"async\" src=\"https:\/\/www.esclapes.com\/wp-content\/uploads\/2015\/08\/rehabilitacion-fachada-comunidad-elda-08-640x355.jpg\" height=\"600\" width=\"1080\" alt=\"rehabilitacion-fachada-comunidad-elda\" class=\"slider-2007 slide-2096 msDefaultImage\" title=\"rehabilitacion-fachada-comunidad-elda\" \/><div class=\"caption-wrap\"><div class=\"caption\">rehabilitacion-fachada-comunidad-elda<\/div><\/div><\/li>\n                <li style=\"display: none; width: 100%;\" class=\"slide-2097 ms-image \" aria-roledescription=\"slide\" data-date=\"2015-08-11 16:45:55\" data-filename=\"rehabilitacion-fachada-comunidad-elda-09-640x355.jpg\" data-slide-type=\"image\"><img decoding=\"async\" src=\"https:\/\/www.esclapes.com\/wp-content\/uploads\/2015\/08\/rehabilitacion-fachada-comunidad-elda-09-640x355.jpg\" height=\"600\" width=\"1080\" alt=\"rehabilitacion-fachada-comunidad-elda\" class=\"slider-2007 slide-2097 msDefaultImage\" title=\"rehabilitacion-fachada-comunidad-elda\" \/><div class=\"caption-wrap\"><div class=\"caption\">rehabilitacion-fachada-comunidad-elda<\/div><\/div><\/li>\n                <li style=\"display: none; width: 100%;\" class=\"slide-2099 ms-image \" aria-roledescription=\"slide\" data-date=\"2015-08-11 16:46:03\" data-filename=\"rehabilitacion-fachada-comunidad-elda-11-640x355.jpg\" data-slide-type=\"image\"><img decoding=\"async\" src=\"https:\/\/www.esclapes.com\/wp-content\/uploads\/2015\/08\/rehabilitacion-fachada-comunidad-elda-11-640x355.jpg\" height=\"600\" width=\"1080\" alt=\"rehabilitacion-fachada-comunidad-elda\" class=\"slider-2007 slide-2099 msDefaultImage\" title=\"rehabilitacion-fachada-comunidad-elda\" \/><div class=\"caption-wrap\"><div class=\"caption\">rehabilitacion-fachada-comunidad-elda<\/div><\/div><\/li>\n                <li style=\"display: none; width: 100%;\" class=\"slide-2104 ms-image \" aria-roledescription=\"slide\" data-date=\"2015-08-11 16:46:23\" data-filename=\"rehabilitacion-fachada-comunidad-elda-16-640x355.jpg\" data-slide-type=\"image\"><img decoding=\"async\" src=\"https:\/\/www.esclapes.com\/wp-content\/uploads\/2015\/08\/rehabilitacion-fachada-comunidad-elda-16-640x355.jpg\" height=\"600\" width=\"1080\" alt=\"rehabilitacion-fachada-comunidad-elda\" class=\"slider-2007 slide-2104 msDefaultImage\" title=\"rehabilitacion-fachada-comunidad-elda\" \/><div class=\"caption-wrap\"><div class=\"caption\">rehabilitacion-fachada-comunidad-elda<\/div><\/div><\/li>\n                <li style=\"display: none; width: 100%;\" class=\"slide-2103 ms-image \" aria-roledescription=\"slide\" data-date=\"2015-08-11 16:46:19\" data-filename=\"rehabilitacion-fachada-comunidad-elda-15-640x355.jpg\" data-slide-type=\"image\"><img decoding=\"async\" src=\"https:\/\/www.esclapes.com\/wp-content\/uploads\/2015\/08\/rehabilitacion-fachada-comunidad-elda-15-640x355.jpg\" height=\"600\" width=\"1080\" alt=\"rehabilitacion-fachada-comunidad-elda\" class=\"slider-2007 slide-2103 msDefaultImage\" title=\"rehabilitacion-fachada-comunidad-elda\" \/><div class=\"caption-wrap\"><div class=\"caption\">rehabilitacion-fachada-comunidad-elda<\/div><\/div><\/li>\n                <li style=\"display: none; width: 100%;\" class=\"slide-2102 ms-image \" aria-roledescription=\"slide\" data-date=\"2015-08-11 16:46:15\" data-filename=\"rehabilitacion-fachada-comunidad-elda-14-640x355.jpg\" data-slide-type=\"image\"><img decoding=\"async\" src=\"https:\/\/www.esclapes.com\/wp-content\/uploads\/2015\/08\/rehabilitacion-fachada-comunidad-elda-14-640x355.jpg\" height=\"600\" width=\"1080\" alt=\"rehabilitacion-fachada-comunidad-elda\" class=\"slider-2007 slide-2102 msDefaultImage\" title=\"rehabilitacion-fachada-comunidad-elda\" \/><div class=\"caption-wrap\"><div class=\"caption\">rehabilitacion-fachada-comunidad-elda<\/div><\/div><\/li>\n                <li style=\"display: none; width: 100%;\" class=\"slide-2101 ms-image \" aria-roledescription=\"slide\" data-date=\"2015-08-11 16:46:11\" data-filename=\"rehabilitacion-fachada-comunidad-elda-13-640x355.jpg\" data-slide-type=\"image\"><img decoding=\"async\" src=\"https:\/\/www.esclapes.com\/wp-content\/uploads\/2015\/08\/rehabilitacion-fachada-comunidad-elda-13-640x355.jpg\" height=\"600\" width=\"1080\" alt=\"rehabilitacion-fachada-comunidad-elda\" class=\"slider-2007 slide-2101 msDefaultImage\" title=\"rehabilitacion-fachada-comunidad-elda\" \/><div class=\"caption-wrap\"><div class=\"caption\">rehabilitacion-fachada-comunidad-elda<\/div><\/div><\/li>\n                <li style=\"display: none; width: 100%;\" class=\"slide-2100 ms-image \" aria-roledescription=\"slide\" data-date=\"2015-08-11 16:46:07\" data-filename=\"rehabilitacion-fachada-comunidad-elda-12-640x355.jpg\" data-slide-type=\"image\"><img decoding=\"async\" src=\"https:\/\/www.esclapes.com\/wp-content\/uploads\/2015\/08\/rehabilitacion-fachada-comunidad-elda-12-640x355.jpg\" height=\"600\" width=\"1080\" alt=\"rehabilitacion-fachada-comunidad-elda\" class=\"slider-2007 slide-2100 msDefaultImage\" title=\"rehabilitacion-fachada-comunidad-elda\" \/><div class=\"caption-wrap\"><div class=\"caption\">rehabilitacion-fachada-comunidad-elda<\/div><\/div><\/li>\n                <li style=\"display: none; width: 100%;\" class=\"slide-2105 ms-image \" aria-roledescription=\"slide\" data-date=\"2015-08-11 16:46:27\" data-filename=\"rehabilitacion-fachada-comunidad-elda-17-640x355.jpg\" data-slide-type=\"image\"><img decoding=\"async\" src=\"https:\/\/www.esclapes.com\/wp-content\/uploads\/2015\/08\/rehabilitacion-fachada-comunidad-elda-17-640x355.jpg\" height=\"600\" width=\"1080\" alt=\"rehabilitacion-fachada-comunidad-elda\" class=\"slider-2007 slide-2105 msDefaultImage\" title=\"rehabilitacion-fachada-comunidad-elda\" \/><div class=\"caption-wrap\"><div class=\"caption\">rehabilitacion-fachada-comunidad-elda<\/div><\/div><\/li>\n                <li style=\"display: none; width: 100%;\" class=\"slide-2106 ms-image \" aria-roledescription=\"slide\" data-date=\"2015-08-11 16:46:31\" data-filename=\"rehabilitacion-fachada-comunidad-elda-18-640x355.jpg\" data-slide-type=\"image\"><img decoding=\"async\" src=\"https:\/\/www.esclapes.com\/wp-content\/uploads\/2015\/08\/rehabilitacion-fachada-comunidad-elda-18-640x355.jpg\" height=\"600\" width=\"1080\" alt=\"rehabilitacion-fachada-comunidad-elda\" class=\"slider-2007 slide-2106 msDefaultImage\" title=\"rehabilitacion-fachada-comunidad-elda\" \/><div class=\"caption-wrap\"><div class=\"caption\">rehabilitacion-fachada-comunidad-elda<\/div><\/div><\/li>\n                <li style=\"display: none; width: 100%;\" class=\"slide-2107 ms-image \" aria-roledescription=\"slide\" data-date=\"2015-08-11 16:46:37\" data-filename=\"rehabilitacion-fachada-comunidad-elda-19-640x355.jpg\" data-slide-type=\"image\"><img decoding=\"async\" src=\"https:\/\/www.esclapes.com\/wp-content\/uploads\/2015\/08\/rehabilitacion-fachada-comunidad-elda-19-640x355.jpg\" height=\"600\" width=\"1080\" alt=\"rehabilitacion-fachada-comunidad-elda\" class=\"slider-2007 slide-2107 msDefaultImage\" title=\"rehabilitacion-fachada-comunidad-elda\" \/><div class=\"caption-wrap\"><div class=\"caption\">rehabilitacion-fachada-comunidad-elda<\/div><\/div><\/li>\n                <li style=\"display: none; width: 100%;\" class=\"slide-2108 ms-image \" aria-roledescription=\"slide\" data-date=\"2015-08-11 16:46:41\" data-filename=\"rehabilitacion-fachada-comunidad-elda-20-640x355.jpg\" data-slide-type=\"image\"><img decoding=\"async\" src=\"https:\/\/www.esclapes.com\/wp-content\/uploads\/2015\/08\/rehabilitacion-fachada-comunidad-elda-20-640x355.jpg\" height=\"600\" width=\"1080\" alt=\"rehabilitacion-fachada-comunidad-elda\" class=\"slider-2007 slide-2108 msDefaultImage\" title=\"rehabilitacion-fachada-comunidad-elda\" \/><div class=\"caption-wrap\"><div class=\"caption\">rehabilitacion-fachada-comunidad-elda<\/div><\/div><\/li>\n                <li style=\"display: none; width: 100%;\" class=\"slide-2109 ms-image \" aria-roledescription=\"slide\" data-date=\"2015-08-11 16:46:45\" data-filename=\"rehabilitacion-fachada-comunidad-elda-21-640x355.jpg\" data-slide-type=\"image\"><img decoding=\"async\" src=\"https:\/\/www.esclapes.com\/wp-content\/uploads\/2015\/08\/rehabilitacion-fachada-comunidad-elda-21-640x355.jpg\" height=\"600\" width=\"1080\" alt=\"rehabilitacion-fachada-comunidad-elda\" class=\"slider-2007 slide-2109 msDefaultImage\" title=\"rehabilitacion-fachada-comunidad-elda\" \/><div class=\"caption-wrap\"><div class=\"caption\">rehabilitacion-fachada-comunidad-elda<\/div><\/div><\/li>\n                <li style=\"display: none; width: 100%;\" class=\"slide-2110 ms-image \" aria-roledescription=\"slide\" data-date=\"2015-08-11 16:46:49\" data-filename=\"rehabilitacion-fachada-comunidad-elda-22-640x355.jpg\" data-slide-type=\"image\"><img decoding=\"async\" src=\"https:\/\/www.esclapes.com\/wp-content\/uploads\/2015\/08\/rehabilitacion-fachada-comunidad-elda-22-640x355.jpg\" height=\"600\" width=\"1080\" alt=\"rehabilitacion-fachada-comunidad-elda\" class=\"slider-2007 slide-2110 msDefaultImage\" title=\"rehabilitacion-fachada-comunidad-elda\" \/><div class=\"caption-wrap\"><div class=\"caption\">rehabilitacion-fachada-comunidad-elda<\/div><\/div><\/li>\n                <li style=\"display: none; width: 100%;\" class=\"slide-2112 ms-image \" aria-roledescription=\"slide\" data-date=\"2015-08-11 16:46:58\" data-filename=\"rehabilitacion-fachada-comunidad-elda-24-640x355.jpg\" data-slide-type=\"image\"><img decoding=\"async\" src=\"https:\/\/www.esclapes.com\/wp-content\/uploads\/2015\/08\/rehabilitacion-fachada-comunidad-elda-24-640x355.jpg\" height=\"600\" width=\"1080\" alt=\"rehabilitacion-fachada-comunidad-elda\" class=\"slider-2007 slide-2112 msDefaultImage\" title=\"rehabilitacion-fachada-comunidad-elda\" \/><div class=\"caption-wrap\"><div class=\"caption\">rehabilitacion-fachada-comunidad-elda<\/div><\/div><\/li>\n                <li style=\"display: none; width: 100%;\" class=\"slide-2114 ms-image \" aria-roledescription=\"slide\" data-date=\"2015-08-11 16:47:05\" data-filename=\"rehabilitacion-fachada-comunidad-elda-26-640x355.jpg\" data-slide-type=\"image\"><img decoding=\"async\" src=\"https:\/\/www.esclapes.com\/wp-content\/uploads\/2015\/08\/rehabilitacion-fachada-comunidad-elda-26-640x355.jpg\" height=\"600\" width=\"1080\" alt=\"rehabilitacion-fachada-comunidad-elda\" class=\"slider-2007 slide-2114 msDefaultImage\" title=\"rehabilitacion-fachada-comunidad-elda\" \/><div class=\"caption-wrap\"><div class=\"caption\">rehabilitacion-fachada-comunidad-elda<\/div><\/div><\/li>\n                <li style=\"display: none; width: 100%;\" class=\"slide-2113 ms-image \" aria-roledescription=\"slide\" data-date=\"2015-08-11 16:47:02\" data-filename=\"rehabilitacion-fachada-comunidad-elda-25-640x355.jpg\" data-slide-type=\"image\"><img decoding=\"async\" src=\"https:\/\/www.esclapes.com\/wp-content\/uploads\/2015\/08\/rehabilitacion-fachada-comunidad-elda-25-640x355.jpg\" height=\"600\" width=\"1080\" alt=\"rehabilitacion-fachada-comunidad-elda\" class=\"slider-2007 slide-2113 msDefaultImage\" title=\"rehabilitacion-fachada-comunidad-elda\" \/><div class=\"caption-wrap\"><div class=\"caption\">rehabilitacion-fachada-comunidad-elda<\/div><\/div><\/li>\n                <li style=\"display: none; width: 100%;\" class=\"slide-2111 ms-image \" aria-roledescription=\"slide\" data-date=\"2015-08-11 16:46:54\" data-filename=\"rehabilitacion-fachada-comunidad-elda-23-640x355.jpg\" data-slide-type=\"image\"><img decoding=\"async\" src=\"https:\/\/www.esclapes.com\/wp-content\/uploads\/2015\/08\/rehabilitacion-fachada-comunidad-elda-23-640x355.jpg\" height=\"600\" width=\"1080\" alt=\"rehabilitacion-fachada-comunidad-elda\" class=\"slider-2007 slide-2111 msDefaultImage\" title=\"rehabilitacion-fachada-comunidad-elda\" \/><div class=\"caption-wrap\"><div class=\"caption\">rehabilitacion-fachada-comunidad-elda<\/div><\/div><\/li>\n                <li style=\"display: none; width: 100%;\" class=\"slide-2117 ms-image \" aria-roledescription=\"slide\" data-date=\"2015-08-11 17:21:09\" data-filename=\"rehabilitacion-fachada-comunidad-elda-30-640x355.jpg\" data-slide-type=\"image\"><img decoding=\"async\" src=\"https:\/\/www.esclapes.com\/wp-content\/uploads\/2015\/08\/rehabilitacion-fachada-comunidad-elda-30-640x355.jpg\" height=\"600\" width=\"1080\" alt=\"rehabilitacion-fachada-comunidad-elda\" class=\"slider-2007 slide-2117 msDefaultImage\" title=\"rehabilitacion-fachada-comunidad-elda\" \/><div class=\"caption-wrap\"><div class=\"caption\">rehabilitacion-fachada-comunidad-elda<\/div><\/div><\/li>\n            <\/ul>\n        <\/div>\n        \n    <\/div>\n<\/div>\u00a0This job was requested by the Community of Owners of the Luc\u00eda Building in Elche (Alicante). This building presented with faults in the facade in the form of cracks, crumbling exterior cladding, collapsing walls and roof plates. All of this was the result of poor initial construction and poor design of the facade finishes. This damage to the exterior walls of the building had caused a loss of waterproofing in the building&#8217;s surround causing damp, a loss of energy efficiency and decline in the outer appearance of the building. The work consisted of repairing cracks and damage in the exterior facing of walls, cleaning where necessary and applying a solution according to the individual requirements and location of each fault. The work was carried out by means of a support system comprising of zipper scaffolds in order to reach the faults in question.<\/p>\n","protected":false},"excerpt":{"rendered":"<p>\u00a0This job was requested by the Community of Owners of the Luc\u00eda Building in Elche (Alicante). This building presented with faults in the facade in the form of cracks, crumbling exterior cladding, collapsing walls and roof plates. All of this was the result of poor&#8230;<\/p>\n","protected":false},"author":1,"featured_media":8460,"comment_status":"closed","ping_status":"closed","sticky":false,"template":"","format":"standard","meta":{"rs_blank_template":"","rs_page_bg_color":"","slide_template_v7":"","footnotes":""},"categories":[483,357,354,345],"tags":[],"class_list":["post-7254","post","type-post","status-publish","format-standard","has-post-thumbnail","hentry","category-alicante-en","category-blog","category-comunity-property","category-private-works"],"yoast_head":"<!-- This site is optimized with the Yoast SEO Premium plugin v24.9 (Yoast SEO v27.4) - https:\/\/yoast.com\/product\/yoast-seo-premium-wordpress\/ -->\n<title>REFURBISHMENT OF LUCIA BUILDING FACADE, ELDA (ALICANTE) - Esclap\u00e9s e Hijos, S.L.<\/title>\n<meta name=\"description\" content=\"rehabilitaci\u00f3n fachada Edificio Lucia Elda Alicante, consistente reparaci\u00f3n da\u00f1os desperfectos cerramiento exterior edificio mejorando eficiencia energetica\" \/>\n<meta name=\"robots\" content=\"index, follow, max-snippet:-1, max-image-preview:large, max-video-preview:-1\" \/>\n<link rel=\"canonical\" href=\"https:\/\/www.esclapes.com\/en\/refurbishment-lucia-building-facade-elda\/\" \/>\n<meta property=\"og:locale\" content=\"en_US\" \/>\n<meta property=\"og:type\" content=\"article\" \/>\n<meta property=\"og:title\" content=\"REFURBISHMENT OF LUCIA BUILDING FACADE, ELDA (ALICANTE)\" \/>\n<meta property=\"og:description\" content=\"rehabilitaci\u00f3n fachada Edificio Lucia Elda Alicante, consistente reparaci\u00f3n da\u00f1os desperfectos cerramiento exterior edificio mejorando eficiencia energetica\" \/>\n<meta property=\"og:url\" content=\"https:\/\/www.esclapes.com\/en\/refurbishment-lucia-building-facade-elda\/\" \/>\n<meta property=\"og:site_name\" content=\"Esclap\u00e9s e Hijos, S.L.\" \/>\n<meta property=\"article:published_time\" content=\"2015-03-06T16:29:04+00:00\" \/>\n<meta property=\"article:modified_time\" content=\"2022-03-22T17:15:29+00:00\" \/>\n<meta property=\"og:image\" content=\"https:\/\/www.esclapes.com\/wp-content\/uploads\/2015\/03\/rehabilitacion-fachada-comunidad-elda-10-640x355.jpg\" \/>\n\t<meta property=\"og:image:width\" content=\"640\" \/>\n\t<meta property=\"og:image:height\" content=\"355\" \/>\n\t<meta property=\"og:image:type\" content=\"image\/jpeg\" \/>\n<meta name=\"author\" content=\"esclapes\" \/>\n<meta name=\"twitter:card\" content=\"summary_large_image\" \/>\n<meta name=\"twitter:label1\" content=\"Written by\" \/>\n\t<meta name=\"twitter:data1\" content=\"esclapes\" \/>\n\t<meta name=\"twitter:label2\" content=\"Est. reading time\" \/>\n\t<meta name=\"twitter:data2\" content=\"1 minute\" \/>\n<script type=\"application\/ld+json\" class=\"yoast-schema-graph\">{\"@context\":\"https:\\\/\\\/schema.org\",\"@graph\":[{\"@type\":\"Article\",\"@id\":\"https:\\\/\\\/www.esclapes.com\\\/en\\\/refurbishment-lucia-building-facade-elda\\\/#article\",\"isPartOf\":{\"@id\":\"https:\\\/\\\/www.esclapes.com\\\/en\\\/refurbishment-lucia-building-facade-elda\\\/\"},\"author\":{\"name\":\"esclapes\",\"@id\":\"https:\\\/\\\/www.esclapes.com\\\/en\\\/#\\\/schema\\\/person\\\/c22673e518082891b670e717d83e13bd\"},\"headline\":\"REFURBISHMENT OF LUCIA BUILDING FACADE, ELDA (ALICANTE)\",\"datePublished\":\"2015-03-06T16:29:04+00:00\",\"dateModified\":\"2022-03-22T17:15:29+00:00\",\"mainEntityOfPage\":{\"@id\":\"https:\\\/\\\/www.esclapes.com\\\/en\\\/refurbishment-lucia-building-facade-elda\\\/\"},\"wordCount\":154,\"publisher\":{\"@id\":\"https:\\\/\\\/www.esclapes.com\\\/en\\\/#organization\"},\"image\":{\"@id\":\"https:\\\/\\\/www.esclapes.com\\\/en\\\/refurbishment-lucia-building-facade-elda\\\/#primaryimage\"},\"thumbnailUrl\":\"https:\\\/\\\/www.esclapes.com\\\/wp-content\\\/uploads\\\/2015\\\/03\\\/rehabilitacion-fachada-comunidad-elda-10-640x355.jpg\",\"articleSection\":[\"Alicante\",\"Blog\",\"Comunity of property owners\",\"Private works\"],\"inLanguage\":\"en-US\"},{\"@type\":\"WebPage\",\"@id\":\"https:\\\/\\\/www.esclapes.com\\\/en\\\/refurbishment-lucia-building-facade-elda\\\/\",\"url\":\"https:\\\/\\\/www.esclapes.com\\\/en\\\/refurbishment-lucia-building-facade-elda\\\/\",\"name\":\"REFURBISHMENT OF LUCIA BUILDING FACADE, ELDA (ALICANTE) - Esclap\u00e9s e Hijos, S.L.\",\"isPartOf\":{\"@id\":\"https:\\\/\\\/www.esclapes.com\\\/en\\\/#website\"},\"primaryImageOfPage\":{\"@id\":\"https:\\\/\\\/www.esclapes.com\\\/en\\\/refurbishment-lucia-building-facade-elda\\\/#primaryimage\"},\"image\":{\"@id\":\"https:\\\/\\\/www.esclapes.com\\\/en\\\/refurbishment-lucia-building-facade-elda\\\/#primaryimage\"},\"thumbnailUrl\":\"https:\\\/\\\/www.esclapes.com\\\/wp-content\\\/uploads\\\/2015\\\/03\\\/rehabilitacion-fachada-comunidad-elda-10-640x355.jpg\",\"datePublished\":\"2015-03-06T16:29:04+00:00\",\"dateModified\":\"2022-03-22T17:15:29+00:00\",\"description\":\"rehabilitaci\u00f3n fachada Edificio Lucia Elda Alicante, consistente reparaci\u00f3n da\u00f1os desperfectos cerramiento exterior edificio mejorando eficiencia energetica\",\"breadcrumb\":{\"@id\":\"https:\\\/\\\/www.esclapes.com\\\/en\\\/refurbishment-lucia-building-facade-elda\\\/#breadcrumb\"},\"inLanguage\":\"en-US\",\"potentialAction\":[{\"@type\":\"ReadAction\",\"target\":[\"https:\\\/\\\/www.esclapes.com\\\/en\\\/refurbishment-lucia-building-facade-elda\\\/\"]}]},{\"@type\":\"ImageObject\",\"inLanguage\":\"en-US\",\"@id\":\"https:\\\/\\\/www.esclapes.com\\\/en\\\/refurbishment-lucia-building-facade-elda\\\/#primaryimage\",\"url\":\"https:\\\/\\\/www.esclapes.com\\\/wp-content\\\/uploads\\\/2015\\\/03\\\/rehabilitacion-fachada-comunidad-elda-10-640x355.jpg\",\"contentUrl\":\"https:\\\/\\\/www.esclapes.com\\\/wp-content\\\/uploads\\\/2015\\\/03\\\/rehabilitacion-fachada-comunidad-elda-10-640x355.jpg\",\"width\":640,\"height\":355},{\"@type\":\"BreadcrumbList\",\"@id\":\"https:\\\/\\\/www.esclapes.com\\\/en\\\/refurbishment-lucia-building-facade-elda\\\/#breadcrumb\",\"itemListElement\":[{\"@type\":\"ListItem\",\"position\":1,\"name\":\"Portada\",\"item\":\"https:\\\/\\\/www.esclapes.com\\\/en\\\/\"},{\"@type\":\"ListItem\",\"position\":2,\"name\":\"REFURBISHMENT OF LUCIA BUILDING FACADE, ELDA (ALICANTE)\"}]},{\"@type\":\"WebSite\",\"@id\":\"https:\\\/\\\/www.esclapes.com\\\/en\\\/#website\",\"url\":\"https:\\\/\\\/www.esclapes.com\\\/en\\\/\",\"name\":\"Esclap\u00e9s e Hijos, S.L.\",\"description\":\"Construcci\u00f3n de naves industriales y rehabilitaci\u00f3n de edificios, pilares, estructura, fachadas en todo tipo edificios. Ofrecemos buen precio y mejor calidad.\",\"publisher\":{\"@id\":\"https:\\\/\\\/www.esclapes.com\\\/en\\\/#organization\"},\"potentialAction\":[{\"@type\":\"SearchAction\",\"target\":{\"@type\":\"EntryPoint\",\"urlTemplate\":\"https:\\\/\\\/www.esclapes.com\\\/en\\\/?s={search_term_string}\"},\"query-input\":{\"@type\":\"PropertyValueSpecification\",\"valueRequired\":true,\"valueName\":\"search_term_string\"}}],\"inLanguage\":\"en-US\"},{\"@type\":[\"Organization\",\"Place\"],\"@id\":\"https:\\\/\\\/www.esclapes.com\\\/en\\\/#organization\",\"name\":\"Esclap\u00e9s e Hijos, S.L.\",\"alternateName\":\"Esclap\u00e9s e Hijos\",\"url\":\"https:\\\/\\\/www.esclapes.com\\\/en\\\/\",\"logo\":{\"@id\":\"https:\\\/\\\/www.esclapes.com\\\/en\\\/refurbishment-lucia-building-facade-elda\\\/#local-main-organization-logo\"},\"image\":{\"@id\":\"https:\\\/\\\/www.esclapes.com\\\/en\\\/refurbishment-lucia-building-facade-elda\\\/#local-main-organization-logo\"},\"sameAs\":[\"https:\\\/\\\/www.linkedin.com\\\/company\\\/11000369\\\/admin\\\/feed\\\/posts\\\/\",\"https:\\\/\\\/es.linkedin.com\\\/company\\\/esclaps-e-hijos-sl\"],\"openingHoursSpecification\":[{\"@type\":\"OpeningHoursSpecification\",\"dayOfWeek\":[\"Monday\",\"Tuesday\",\"Wednesday\",\"Thursday\",\"Friday\",\"Saturday\",\"Sunday\"],\"opens\":\"09:00\",\"closes\":\"17:00\"}]},{\"@type\":\"Person\",\"@id\":\"https:\\\/\\\/www.esclapes.com\\\/en\\\/#\\\/schema\\\/person\\\/c22673e518082891b670e717d83e13bd\",\"name\":\"esclapes\",\"image\":{\"@type\":\"ImageObject\",\"inLanguage\":\"en-US\",\"@id\":\"https:\\\/\\\/secure.gravatar.com\\\/avatar\\\/d4acbb0f614c59d3e324e056e20917b2d11ab4075785b0228a0543ec33e08b8d?s=96&d=mm&r=g\",\"url\":\"https:\\\/\\\/secure.gravatar.com\\\/avatar\\\/d4acbb0f614c59d3e324e056e20917b2d11ab4075785b0228a0543ec33e08b8d?s=96&d=mm&r=g\",\"contentUrl\":\"https:\\\/\\\/secure.gravatar.com\\\/avatar\\\/d4acbb0f614c59d3e324e056e20917b2d11ab4075785b0228a0543ec33e08b8d?s=96&d=mm&r=g\",\"caption\":\"esclapes\"},\"url\":\"https:\\\/\\\/www.esclapes.com\\\/en\\\/author\\\/esclapes\\\/\"},{\"@type\":\"ImageObject\",\"inLanguage\":\"en-US\",\"@id\":\"https:\\\/\\\/www.esclapes.com\\\/en\\\/refurbishment-lucia-building-facade-elda\\\/#local-main-organization-logo\",\"url\":\"https:\\\/\\\/www.esclapes.com\\\/wp-content\\\/uploads\\\/2023\\\/07\\\/ESCLAPES-LOGO-CUADRADO.png\",\"contentUrl\":\"https:\\\/\\\/www.esclapes.com\\\/wp-content\\\/uploads\\\/2023\\\/07\\\/ESCLAPES-LOGO-CUADRADO.png\",\"width\":1191,\"height\":1191,\"caption\":\"Esclap\u00e9s e Hijos, S.L.\"}]}<\/script>\n<!-- \/ Yoast SEO Premium plugin. -->","yoast_head_json":{"title":"REFURBISHMENT OF LUCIA BUILDING FACADE, ELDA (ALICANTE) - Esclap\u00e9s e Hijos, S.L.","description":"rehabilitaci\u00f3n fachada Edificio Lucia Elda Alicante, consistente reparaci\u00f3n da\u00f1os desperfectos cerramiento exterior edificio mejorando eficiencia energetica","robots":{"index":"index","follow":"follow","max-snippet":"max-snippet:-1","max-image-preview":"max-image-preview:large","max-video-preview":"max-video-preview:-1"},"canonical":"https:\/\/www.esclapes.com\/en\/refurbishment-lucia-building-facade-elda\/","og_locale":"en_US","og_type":"article","og_title":"REFURBISHMENT OF LUCIA BUILDING FACADE, ELDA (ALICANTE)","og_description":"rehabilitaci\u00f3n fachada Edificio Lucia Elda Alicante, consistente reparaci\u00f3n da\u00f1os desperfectos cerramiento exterior edificio mejorando eficiencia energetica","og_url":"https:\/\/www.esclapes.com\/en\/refurbishment-lucia-building-facade-elda\/","og_site_name":"Esclap\u00e9s e Hijos, S.L.","article_published_time":"2015-03-06T16:29:04+00:00","article_modified_time":"2022-03-22T17:15:29+00:00","og_image":[{"width":640,"height":355,"url":"https:\/\/www.esclapes.com\/wp-content\/uploads\/2015\/03\/rehabilitacion-fachada-comunidad-elda-10-640x355.jpg","type":"image\/jpeg"}],"author":"esclapes","twitter_card":"summary_large_image","twitter_misc":{"Written by":"esclapes","Est. reading time":"1 minute"},"schema":{"@context":"https:\/\/schema.org","@graph":[{"@type":"Article","@id":"https:\/\/www.esclapes.com\/en\/refurbishment-lucia-building-facade-elda\/#article","isPartOf":{"@id":"https:\/\/www.esclapes.com\/en\/refurbishment-lucia-building-facade-elda\/"},"author":{"name":"esclapes","@id":"https:\/\/www.esclapes.com\/en\/#\/schema\/person\/c22673e518082891b670e717d83e13bd"},"headline":"REFURBISHMENT OF LUCIA BUILDING FACADE, ELDA (ALICANTE)","datePublished":"2015-03-06T16:29:04+00:00","dateModified":"2022-03-22T17:15:29+00:00","mainEntityOfPage":{"@id":"https:\/\/www.esclapes.com\/en\/refurbishment-lucia-building-facade-elda\/"},"wordCount":154,"publisher":{"@id":"https:\/\/www.esclapes.com\/en\/#organization"},"image":{"@id":"https:\/\/www.esclapes.com\/en\/refurbishment-lucia-building-facade-elda\/#primaryimage"},"thumbnailUrl":"https:\/\/www.esclapes.com\/wp-content\/uploads\/2015\/03\/rehabilitacion-fachada-comunidad-elda-10-640x355.jpg","articleSection":["Alicante","Blog","Comunity of property owners","Private works"],"inLanguage":"en-US"},{"@type":"WebPage","@id":"https:\/\/www.esclapes.com\/en\/refurbishment-lucia-building-facade-elda\/","url":"https:\/\/www.esclapes.com\/en\/refurbishment-lucia-building-facade-elda\/","name":"REFURBISHMENT OF LUCIA BUILDING FACADE, ELDA (ALICANTE) - Esclap\u00e9s e Hijos, S.L.","isPartOf":{"@id":"https:\/\/www.esclapes.com\/en\/#website"},"primaryImageOfPage":{"@id":"https:\/\/www.esclapes.com\/en\/refurbishment-lucia-building-facade-elda\/#primaryimage"},"image":{"@id":"https:\/\/www.esclapes.com\/en\/refurbishment-lucia-building-facade-elda\/#primaryimage"},"thumbnailUrl":"https:\/\/www.esclapes.com\/wp-content\/uploads\/2015\/03\/rehabilitacion-fachada-comunidad-elda-10-640x355.jpg","datePublished":"2015-03-06T16:29:04+00:00","dateModified":"2022-03-22T17:15:29+00:00","description":"rehabilitaci\u00f3n fachada Edificio Lucia Elda Alicante, consistente reparaci\u00f3n da\u00f1os desperfectos cerramiento exterior edificio mejorando eficiencia energetica","breadcrumb":{"@id":"https:\/\/www.esclapes.com\/en\/refurbishment-lucia-building-facade-elda\/#breadcrumb"},"inLanguage":"en-US","potentialAction":[{"@type":"ReadAction","target":["https:\/\/www.esclapes.com\/en\/refurbishment-lucia-building-facade-elda\/"]}]},{"@type":"ImageObject","inLanguage":"en-US","@id":"https:\/\/www.esclapes.com\/en\/refurbishment-lucia-building-facade-elda\/#primaryimage","url":"https:\/\/www.esclapes.com\/wp-content\/uploads\/2015\/03\/rehabilitacion-fachada-comunidad-elda-10-640x355.jpg","contentUrl":"https:\/\/www.esclapes.com\/wp-content\/uploads\/2015\/03\/rehabilitacion-fachada-comunidad-elda-10-640x355.jpg","width":640,"height":355},{"@type":"BreadcrumbList","@id":"https:\/\/www.esclapes.com\/en\/refurbishment-lucia-building-facade-elda\/#breadcrumb","itemListElement":[{"@type":"ListItem","position":1,"name":"Portada","item":"https:\/\/www.esclapes.com\/en\/"},{"@type":"ListItem","position":2,"name":"REFURBISHMENT OF LUCIA BUILDING FACADE, ELDA (ALICANTE)"}]},{"@type":"WebSite","@id":"https:\/\/www.esclapes.com\/en\/#website","url":"https:\/\/www.esclapes.com\/en\/","name":"Esclap\u00e9s e Hijos, S.L.","description":"Construcci\u00f3n de naves industriales y rehabilitaci\u00f3n de edificios, pilares, estructura, fachadas en todo tipo edificios. Ofrecemos buen precio y mejor calidad.","publisher":{"@id":"https:\/\/www.esclapes.com\/en\/#organization"},"potentialAction":[{"@type":"SearchAction","target":{"@type":"EntryPoint","urlTemplate":"https:\/\/www.esclapes.com\/en\/?s={search_term_string}"},"query-input":{"@type":"PropertyValueSpecification","valueRequired":true,"valueName":"search_term_string"}}],"inLanguage":"en-US"},{"@type":["Organization","Place"],"@id":"https:\/\/www.esclapes.com\/en\/#organization","name":"Esclap\u00e9s e Hijos, S.L.","alternateName":"Esclap\u00e9s e Hijos","url":"https:\/\/www.esclapes.com\/en\/","logo":{"@id":"https:\/\/www.esclapes.com\/en\/refurbishment-lucia-building-facade-elda\/#local-main-organization-logo"},"image":{"@id":"https:\/\/www.esclapes.com\/en\/refurbishment-lucia-building-facade-elda\/#local-main-organization-logo"},"sameAs":["https:\/\/www.linkedin.com\/company\/11000369\/admin\/feed\/posts\/","https:\/\/es.linkedin.com\/company\/esclaps-e-hijos-sl"],"openingHoursSpecification":[{"@type":"OpeningHoursSpecification","dayOfWeek":["Monday","Tuesday","Wednesday","Thursday","Friday","Saturday","Sunday"],"opens":"09:00","closes":"17:00"}]},{"@type":"Person","@id":"https:\/\/www.esclapes.com\/en\/#\/schema\/person\/c22673e518082891b670e717d83e13bd","name":"esclapes","image":{"@type":"ImageObject","inLanguage":"en-US","@id":"https:\/\/secure.gravatar.com\/avatar\/d4acbb0f614c59d3e324e056e20917b2d11ab4075785b0228a0543ec33e08b8d?s=96&d=mm&r=g","url":"https:\/\/secure.gravatar.com\/avatar\/d4acbb0f614c59d3e324e056e20917b2d11ab4075785b0228a0543ec33e08b8d?s=96&d=mm&r=g","contentUrl":"https:\/\/secure.gravatar.com\/avatar\/d4acbb0f614c59d3e324e056e20917b2d11ab4075785b0228a0543ec33e08b8d?s=96&d=mm&r=g","caption":"esclapes"},"url":"https:\/\/www.esclapes.com\/en\/author\/esclapes\/"},{"@type":"ImageObject","inLanguage":"en-US","@id":"https:\/\/www.esclapes.com\/en\/refurbishment-lucia-building-facade-elda\/#local-main-organization-logo","url":"https:\/\/www.esclapes.com\/wp-content\/uploads\/2023\/07\/ESCLAPES-LOGO-CUADRADO.png","contentUrl":"https:\/\/www.esclapes.com\/wp-content\/uploads\/2023\/07\/ESCLAPES-LOGO-CUADRADO.png","width":1191,"height":1191,"caption":"Esclap\u00e9s e Hijos, S.L."}]}},"_links":{"self":[{"href":"https:\/\/www.esclapes.com\/en\/wp-json\/wp\/v2\/posts\/7254","targetHints":{"allow":["GET"]}}],"collection":[{"href":"https:\/\/www.esclapes.com\/en\/wp-json\/wp\/v2\/posts"}],"about":[{"href":"https:\/\/www.esclapes.com\/en\/wp-json\/wp\/v2\/types\/post"}],"author":[{"embeddable":true,"href":"https:\/\/www.esclapes.com\/en\/wp-json\/wp\/v2\/users\/1"}],"replies":[{"embeddable":true,"href":"https:\/\/www.esclapes.com\/en\/wp-json\/wp\/v2\/comments?post=7254"}],"version-history":[{"count":0,"href":"https:\/\/www.esclapes.com\/en\/wp-json\/wp\/v2\/posts\/7254\/revisions"}],"wp:featuredmedia":[{"embeddable":true,"href":"https:\/\/www.esclapes.com\/en\/wp-json\/wp\/v2\/media\/8460"}],"wp:attachment":[{"href":"https:\/\/www.esclapes.com\/en\/wp-json\/wp\/v2\/media?parent=7254"}],"wp:term":[{"taxonomy":"category","embeddable":true,"href":"https:\/\/www.esclapes.com\/en\/wp-json\/wp\/v2\/categories?post=7254"},{"taxonomy":"post_tag","embeddable":true,"href":"https:\/\/www.esclapes.com\/en\/wp-json\/wp\/v2\/tags?post=7254"}],"curies":[{"name":"wp","href":"https:\/\/api.w.org\/{rel}","templated":true}]}}