{"id":46642,"date":"2024-12-06T12:44:42","date_gmt":"2024-12-06T11:44:42","guid":{"rendered":"https:\/\/www.esclapes.com\/?p=46642"},"modified":"2024-12-06T12:44:42","modified_gmt":"2024-12-06T11:44:42","slug":"esclapes-e-hijos-protects-clock-tower-alicante-city-hall","status":"publish","type":"post","link":"https:\/\/www.esclapes.com\/en\/esclapes-e-hijos-protects-clock-tower-alicante-city-hall\/","title":{"rendered":"Esclap\u00e9s is in charge of the protection of the towers of the Alicante City Council."},"content":{"rendered":"<p>The cover image has been extracted from the official website of the <a href=\"https:\/\/www.alicante.es\/es\/noticias\/ayuntamiento-acelera-proteccion-sus-torres-y-adjudica-obras-esclapes\">Alicante City Council<\/a>.<\/p>\n<p>Esclap\u00e9s e Hijos is in charge of the protection of the towers of the Alicante City Hall and is acting to establish immediate precautionary measures to prevent further damage.<\/p>\n<p>Last Tuesday there has been an extraordinary and urgent Local Government Meeting so that the action of protection of the building, can be executed imminently.<\/p>\n<p>Esclap\u00e9s e Hijos has already taken urgent action to prevent falls onto the street, after part of the cornice of the Clock Tower fell down.<\/p>\n<p>The actions to be carried out as part of the extended emergency measures consist of dismantling and stockpiling the crowning balustrade of the towers, as well as placing the necessary preventive protections to avoid the fall of detached elements onto the street.<\/p>\n<p><a href=\"https:\/\/www.alicante.es\/es\/noticias\/ayuntamiento-acelera-proteccion-sus-torres-y-adjudica-obras-esclapes\">Click here to see the original news on the Alicante City Council website.<\/a><\/p>\n","protected":false},"excerpt":{"rendered":"<p>The cover image has been extracted from the official website of the Alicante City Council. Esclap\u00e9s e Hijos is in charge of the protection of the towers of the Alicante City Hall and is acting to establish immediate precautionary measures to prevent further damage. Last&#8230;<\/p>\n","protected":false},"author":3,"featured_media":46640,"comment_status":"closed","ping_status":"closed","sticky":false,"template":"","format":"standard","meta":{"rs_blank_template":"","rs_page_bg_color":"","slide_template_v7":"","footnotes":""},"categories":[483,357,489,349,350,351],"tags":[],"class_list":["post-46642","post","type-post","status-publish","format-standard","has-post-thumbnail","hentry","category-alicante-en","category-blog","category-maintenance","category-public-works","category-public-works-renovations","category-renovations-upgrades"],"yoast_head":"<!-- This site is optimized with the Yoast SEO Premium plugin v24.9 (Yoast SEO v27.4) - https:\/\/yoast.com\/product\/yoast-seo-premium-wordpress\/ -->\n<title>Esclap\u00e9s e Hijos protects the clock tower of Alicante City Hall<\/title>\n<meta name=\"description\" content=\"Esclap\u00e9s e Hijos protects the clock tower of the Alicante Town Hall to conserve this building classified as a BIC.\" \/>\n<meta name=\"robots\" content=\"index, follow, max-snippet:-1, max-image-preview:large, max-video-preview:-1\" \/>\n<link rel=\"canonical\" href=\"https:\/\/www.esclapes.com\/en\/esclapes-e-hijos-protects-clock-tower-alicante-city-hall\/\" \/>\n<meta property=\"og:locale\" content=\"en_US\" \/>\n<meta property=\"og:type\" content=\"article\" \/>\n<meta property=\"og:title\" content=\"Esclap\u00e9s is in charge of the protection of the towers of the Alicante City Council.\" \/>\n<meta property=\"og:description\" content=\"Esclap\u00e9s e Hijos protects the clock tower of the Alicante Town Hall to conserve this building classified as a BIC.\" \/>\n<meta property=\"og:url\" content=\"https:\/\/www.esclapes.com\/en\/esclapes-e-hijos-protects-clock-tower-alicante-city-hall\/\" \/>\n<meta property=\"og:site_name\" content=\"Esclap\u00e9s e Hijos, S.L.\" \/>\n<meta property=\"article:published_time\" content=\"2024-12-06T11:44:42+00:00\" \/>\n<meta property=\"og:image\" content=\"https:\/\/www.esclapes.com\/wp-content\/uploads\/2024\/12\/Fachada-del-Ayuntamiento-de-Alicante.jpeg\" \/>\n\t<meta property=\"og:image:width\" content=\"1024\" \/>\n\t<meta property=\"og:image:height\" content=\"768\" \/>\n\t<meta property=\"og:image:type\" content=\"image\/jpeg\" \/>\n<meta name=\"author\" content=\"H\u00e9ctor Pe\u00f1a\" \/>\n<meta name=\"twitter:card\" content=\"summary_large_image\" \/>\n<meta name=\"twitter:label1\" content=\"Written by\" \/>\n\t<meta name=\"twitter:data1\" content=\"H\u00e9ctor Pe\u00f1a\" \/>\n\t<meta name=\"twitter:label2\" content=\"Est. reading time\" \/>\n\t<meta name=\"twitter:data2\" content=\"1 minute\" \/>\n<script type=\"application\/ld+json\" class=\"yoast-schema-graph\">{\"@context\":\"https:\\\/\\\/schema.org\",\"@graph\":[{\"@type\":\"Article\",\"@id\":\"https:\\\/\\\/www.esclapes.com\\\/en\\\/esclapes-e-hijos-protects-clock-tower-alicante-city-hall\\\/#article\",\"isPartOf\":{\"@id\":\"https:\\\/\\\/www.esclapes.com\\\/en\\\/esclapes-e-hijos-protects-clock-tower-alicante-city-hall\\\/\"},\"author\":{\"name\":\"H\u00e9ctor Pe\u00f1a\",\"@id\":\"https:\\\/\\\/www.esclapes.com\\\/en\\\/#\\\/schema\\\/person\\\/2f6dd550c3e9652d096b6af87a6e5454\"},\"headline\":\"Esclap\u00e9s is in charge of the protection of the towers of the Alicante City Council.\",\"datePublished\":\"2024-12-06T11:44:42+00:00\",\"mainEntityOfPage\":{\"@id\":\"https:\\\/\\\/www.esclapes.com\\\/en\\\/esclapes-e-hijos-protects-clock-tower-alicante-city-hall\\\/\"},\"wordCount\":167,\"publisher\":{\"@id\":\"https:\\\/\\\/www.esclapes.com\\\/en\\\/#organization\"},\"image\":{\"@id\":\"https:\\\/\\\/www.esclapes.com\\\/en\\\/esclapes-e-hijos-protects-clock-tower-alicante-city-hall\\\/#primaryimage\"},\"thumbnailUrl\":\"https:\\\/\\\/www.esclapes.com\\\/wp-content\\\/uploads\\\/2024\\\/12\\\/Fachada-del-Ayuntamiento-de-Alicante.jpeg\",\"articleSection\":[\"Alicante\",\"Blog\",\"Maintenance\",\"Public works\",\"Public works\",\"Renovations and upgrades\"],\"inLanguage\":\"en-US\"},{\"@type\":\"WebPage\",\"@id\":\"https:\\\/\\\/www.esclapes.com\\\/en\\\/esclapes-e-hijos-protects-clock-tower-alicante-city-hall\\\/\",\"url\":\"https:\\\/\\\/www.esclapes.com\\\/en\\\/esclapes-e-hijos-protects-clock-tower-alicante-city-hall\\\/\",\"name\":\"Esclap\u00e9s e Hijos protects the clock tower of Alicante City Hall\",\"isPartOf\":{\"@id\":\"https:\\\/\\\/www.esclapes.com\\\/en\\\/#website\"},\"primaryImageOfPage\":{\"@id\":\"https:\\\/\\\/www.esclapes.com\\\/en\\\/esclapes-e-hijos-protects-clock-tower-alicante-city-hall\\\/#primaryimage\"},\"image\":{\"@id\":\"https:\\\/\\\/www.esclapes.com\\\/en\\\/esclapes-e-hijos-protects-clock-tower-alicante-city-hall\\\/#primaryimage\"},\"thumbnailUrl\":\"https:\\\/\\\/www.esclapes.com\\\/wp-content\\\/uploads\\\/2024\\\/12\\\/Fachada-del-Ayuntamiento-de-Alicante.jpeg\",\"datePublished\":\"2024-12-06T11:44:42+00:00\",\"description\":\"Esclap\u00e9s e Hijos protects the clock tower of the Alicante Town Hall to conserve this building classified as a BIC.\",\"breadcrumb\":{\"@id\":\"https:\\\/\\\/www.esclapes.com\\\/en\\\/esclapes-e-hijos-protects-clock-tower-alicante-city-hall\\\/#breadcrumb\"},\"inLanguage\":\"en-US\",\"potentialAction\":[{\"@type\":\"ReadAction\",\"target\":[\"https:\\\/\\\/www.esclapes.com\\\/en\\\/esclapes-e-hijos-protects-clock-tower-alicante-city-hall\\\/\"]}]},{\"@type\":\"ImageObject\",\"inLanguage\":\"en-US\",\"@id\":\"https:\\\/\\\/www.esclapes.com\\\/en\\\/esclapes-e-hijos-protects-clock-tower-alicante-city-hall\\\/#primaryimage\",\"url\":\"https:\\\/\\\/www.esclapes.com\\\/wp-content\\\/uploads\\\/2024\\\/12\\\/Fachada-del-Ayuntamiento-de-Alicante.jpeg\",\"contentUrl\":\"https:\\\/\\\/www.esclapes.com\\\/wp-content\\\/uploads\\\/2024\\\/12\\\/Fachada-del-Ayuntamiento-de-Alicante.jpeg\",\"width\":1024,\"height\":768,\"caption\":\"Fachada del Ayuntamiento de Alicante\"},{\"@type\":\"BreadcrumbList\",\"@id\":\"https:\\\/\\\/www.esclapes.com\\\/en\\\/esclapes-e-hijos-protects-clock-tower-alicante-city-hall\\\/#breadcrumb\",\"itemListElement\":[{\"@type\":\"ListItem\",\"position\":1,\"name\":\"Portada\",\"item\":\"https:\\\/\\\/www.esclapes.com\\\/en\\\/\"},{\"@type\":\"ListItem\",\"position\":2,\"name\":\"Esclap\u00e9s is in charge of the protection of the towers of the Alicante City Council.\"}]},{\"@type\":\"WebSite\",\"@id\":\"https:\\\/\\\/www.esclapes.com\\\/en\\\/#website\",\"url\":\"https:\\\/\\\/www.esclapes.com\\\/en\\\/\",\"name\":\"Esclap\u00e9s e Hijos, S.L.\",\"description\":\"Construcci\u00f3n de naves industriales y rehabilitaci\u00f3n de edificios, pilares, estructura, fachadas en todo tipo edificios. Ofrecemos buen precio y mejor calidad.\",\"publisher\":{\"@id\":\"https:\\\/\\\/www.esclapes.com\\\/en\\\/#organization\"},\"potentialAction\":[{\"@type\":\"SearchAction\",\"target\":{\"@type\":\"EntryPoint\",\"urlTemplate\":\"https:\\\/\\\/www.esclapes.com\\\/en\\\/?s={search_term_string}\"},\"query-input\":{\"@type\":\"PropertyValueSpecification\",\"valueRequired\":true,\"valueName\":\"search_term_string\"}}],\"inLanguage\":\"en-US\"},{\"@type\":[\"Organization\",\"Place\"],\"@id\":\"https:\\\/\\\/www.esclapes.com\\\/en\\\/#organization\",\"name\":\"Esclap\u00e9s e Hijos, S.L.\",\"alternateName\":\"Esclap\u00e9s e Hijos\",\"url\":\"https:\\\/\\\/www.esclapes.com\\\/en\\\/\",\"logo\":{\"@id\":\"https:\\\/\\\/www.esclapes.com\\\/en\\\/esclapes-e-hijos-protects-clock-tower-alicante-city-hall\\\/#local-main-organization-logo\"},\"image\":{\"@id\":\"https:\\\/\\\/www.esclapes.com\\\/en\\\/esclapes-e-hijos-protects-clock-tower-alicante-city-hall\\\/#local-main-organization-logo\"},\"sameAs\":[\"https:\\\/\\\/www.linkedin.com\\\/company\\\/11000369\\\/admin\\\/feed\\\/posts\\\/\",\"https:\\\/\\\/es.linkedin.com\\\/company\\\/esclaps-e-hijos-sl\"],\"openingHoursSpecification\":[{\"@type\":\"OpeningHoursSpecification\",\"dayOfWeek\":[\"Monday\",\"Tuesday\",\"Wednesday\",\"Thursday\",\"Friday\",\"Saturday\",\"Sunday\"],\"opens\":\"09:00\",\"closes\":\"17:00\"}]},{\"@type\":\"Person\",\"@id\":\"https:\\\/\\\/www.esclapes.com\\\/en\\\/#\\\/schema\\\/person\\\/2f6dd550c3e9652d096b6af87a6e5454\",\"name\":\"H\u00e9ctor Pe\u00f1a\",\"image\":{\"@type\":\"ImageObject\",\"inLanguage\":\"en-US\",\"@id\":\"https:\\\/\\\/secure.gravatar.com\\\/avatar\\\/94a49d6129b32d9eb6d5056109668fdaa28eabf12d6898d7916ce9dc2c9b5898?s=96&d=mm&r=g\",\"url\":\"https:\\\/\\\/secure.gravatar.com\\\/avatar\\\/94a49d6129b32d9eb6d5056109668fdaa28eabf12d6898d7916ce9dc2c9b5898?s=96&d=mm&r=g\",\"contentUrl\":\"https:\\\/\\\/secure.gravatar.com\\\/avatar\\\/94a49d6129b32d9eb6d5056109668fdaa28eabf12d6898d7916ce9dc2c9b5898?s=96&d=mm&r=g\",\"caption\":\"H\u00e9ctor Pe\u00f1a\"},\"url\":\"https:\\\/\\\/www.esclapes.com\\\/en\\\/author\\\/hector\\\/\"},{\"@type\":\"ImageObject\",\"inLanguage\":\"en-US\",\"@id\":\"https:\\\/\\\/www.esclapes.com\\\/en\\\/esclapes-e-hijos-protects-clock-tower-alicante-city-hall\\\/#local-main-organization-logo\",\"url\":\"https:\\\/\\\/www.esclapes.com\\\/wp-content\\\/uploads\\\/2023\\\/07\\\/ESCLAPES-LOGO-CUADRADO.png\",\"contentUrl\":\"https:\\\/\\\/www.esclapes.com\\\/wp-content\\\/uploads\\\/2023\\\/07\\\/ESCLAPES-LOGO-CUADRADO.png\",\"width\":1191,\"height\":1191,\"caption\":\"Esclap\u00e9s e Hijos, S.L.\"}]}<\/script>\n<!-- \/ Yoast SEO Premium plugin. -->","yoast_head_json":{"title":"Esclap\u00e9s e Hijos protects the clock tower of Alicante City Hall","description":"Esclap\u00e9s e Hijos protects the clock tower of the Alicante Town Hall to conserve this building classified as a BIC.","robots":{"index":"index","follow":"follow","max-snippet":"max-snippet:-1","max-image-preview":"max-image-preview:large","max-video-preview":"max-video-preview:-1"},"canonical":"https:\/\/www.esclapes.com\/en\/esclapes-e-hijos-protects-clock-tower-alicante-city-hall\/","og_locale":"en_US","og_type":"article","og_title":"Esclap\u00e9s is in charge of the protection of the towers of the Alicante City Council.","og_description":"Esclap\u00e9s e Hijos protects the clock tower of the Alicante Town Hall to conserve this building classified as a BIC.","og_url":"https:\/\/www.esclapes.com\/en\/esclapes-e-hijos-protects-clock-tower-alicante-city-hall\/","og_site_name":"Esclap\u00e9s e Hijos, S.L.","article_published_time":"2024-12-06T11:44:42+00:00","og_image":[{"width":1024,"height":768,"url":"https:\/\/www.esclapes.com\/wp-content\/uploads\/2024\/12\/Fachada-del-Ayuntamiento-de-Alicante.jpeg","type":"image\/jpeg"}],"author":"H\u00e9ctor Pe\u00f1a","twitter_card":"summary_large_image","twitter_misc":{"Written by":"H\u00e9ctor Pe\u00f1a","Est. reading time":"1 minute"},"schema":{"@context":"https:\/\/schema.org","@graph":[{"@type":"Article","@id":"https:\/\/www.esclapes.com\/en\/esclapes-e-hijos-protects-clock-tower-alicante-city-hall\/#article","isPartOf":{"@id":"https:\/\/www.esclapes.com\/en\/esclapes-e-hijos-protects-clock-tower-alicante-city-hall\/"},"author":{"name":"H\u00e9ctor Pe\u00f1a","@id":"https:\/\/www.esclapes.com\/en\/#\/schema\/person\/2f6dd550c3e9652d096b6af87a6e5454"},"headline":"Esclap\u00e9s is in charge of the protection of the towers of the Alicante City Council.","datePublished":"2024-12-06T11:44:42+00:00","mainEntityOfPage":{"@id":"https:\/\/www.esclapes.com\/en\/esclapes-e-hijos-protects-clock-tower-alicante-city-hall\/"},"wordCount":167,"publisher":{"@id":"https:\/\/www.esclapes.com\/en\/#organization"},"image":{"@id":"https:\/\/www.esclapes.com\/en\/esclapes-e-hijos-protects-clock-tower-alicante-city-hall\/#primaryimage"},"thumbnailUrl":"https:\/\/www.esclapes.com\/wp-content\/uploads\/2024\/12\/Fachada-del-Ayuntamiento-de-Alicante.jpeg","articleSection":["Alicante","Blog","Maintenance","Public works","Public works","Renovations and upgrades"],"inLanguage":"en-US"},{"@type":"WebPage","@id":"https:\/\/www.esclapes.com\/en\/esclapes-e-hijos-protects-clock-tower-alicante-city-hall\/","url":"https:\/\/www.esclapes.com\/en\/esclapes-e-hijos-protects-clock-tower-alicante-city-hall\/","name":"Esclap\u00e9s e Hijos protects the clock tower of Alicante City Hall","isPartOf":{"@id":"https:\/\/www.esclapes.com\/en\/#website"},"primaryImageOfPage":{"@id":"https:\/\/www.esclapes.com\/en\/esclapes-e-hijos-protects-clock-tower-alicante-city-hall\/#primaryimage"},"image":{"@id":"https:\/\/www.esclapes.com\/en\/esclapes-e-hijos-protects-clock-tower-alicante-city-hall\/#primaryimage"},"thumbnailUrl":"https:\/\/www.esclapes.com\/wp-content\/uploads\/2024\/12\/Fachada-del-Ayuntamiento-de-Alicante.jpeg","datePublished":"2024-12-06T11:44:42+00:00","description":"Esclap\u00e9s e Hijos protects the clock tower of the Alicante Town Hall to conserve this building classified as a BIC.","breadcrumb":{"@id":"https:\/\/www.esclapes.com\/en\/esclapes-e-hijos-protects-clock-tower-alicante-city-hall\/#breadcrumb"},"inLanguage":"en-US","potentialAction":[{"@type":"ReadAction","target":["https:\/\/www.esclapes.com\/en\/esclapes-e-hijos-protects-clock-tower-alicante-city-hall\/"]}]},{"@type":"ImageObject","inLanguage":"en-US","@id":"https:\/\/www.esclapes.com\/en\/esclapes-e-hijos-protects-clock-tower-alicante-city-hall\/#primaryimage","url":"https:\/\/www.esclapes.com\/wp-content\/uploads\/2024\/12\/Fachada-del-Ayuntamiento-de-Alicante.jpeg","contentUrl":"https:\/\/www.esclapes.com\/wp-content\/uploads\/2024\/12\/Fachada-del-Ayuntamiento-de-Alicante.jpeg","width":1024,"height":768,"caption":"Fachada del Ayuntamiento de Alicante"},{"@type":"BreadcrumbList","@id":"https:\/\/www.esclapes.com\/en\/esclapes-e-hijos-protects-clock-tower-alicante-city-hall\/#breadcrumb","itemListElement":[{"@type":"ListItem","position":1,"name":"Portada","item":"https:\/\/www.esclapes.com\/en\/"},{"@type":"ListItem","position":2,"name":"Esclap\u00e9s is in charge of the protection of the towers of the Alicante City Council."}]},{"@type":"WebSite","@id":"https:\/\/www.esclapes.com\/en\/#website","url":"https:\/\/www.esclapes.com\/en\/","name":"Esclap\u00e9s e Hijos, S.L.","description":"Construcci\u00f3n de naves industriales y rehabilitaci\u00f3n de edificios, pilares, estructura, fachadas en todo tipo edificios. Ofrecemos buen precio y mejor calidad.","publisher":{"@id":"https:\/\/www.esclapes.com\/en\/#organization"},"potentialAction":[{"@type":"SearchAction","target":{"@type":"EntryPoint","urlTemplate":"https:\/\/www.esclapes.com\/en\/?s={search_term_string}"},"query-input":{"@type":"PropertyValueSpecification","valueRequired":true,"valueName":"search_term_string"}}],"inLanguage":"en-US"},{"@type":["Organization","Place"],"@id":"https:\/\/www.esclapes.com\/en\/#organization","name":"Esclap\u00e9s e Hijos, S.L.","alternateName":"Esclap\u00e9s e Hijos","url":"https:\/\/www.esclapes.com\/en\/","logo":{"@id":"https:\/\/www.esclapes.com\/en\/esclapes-e-hijos-protects-clock-tower-alicante-city-hall\/#local-main-organization-logo"},"image":{"@id":"https:\/\/www.esclapes.com\/en\/esclapes-e-hijos-protects-clock-tower-alicante-city-hall\/#local-main-organization-logo"},"sameAs":["https:\/\/www.linkedin.com\/company\/11000369\/admin\/feed\/posts\/","https:\/\/es.linkedin.com\/company\/esclaps-e-hijos-sl"],"openingHoursSpecification":[{"@type":"OpeningHoursSpecification","dayOfWeek":["Monday","Tuesday","Wednesday","Thursday","Friday","Saturday","Sunday"],"opens":"09:00","closes":"17:00"}]},{"@type":"Person","@id":"https:\/\/www.esclapes.com\/en\/#\/schema\/person\/2f6dd550c3e9652d096b6af87a6e5454","name":"H\u00e9ctor Pe\u00f1a","image":{"@type":"ImageObject","inLanguage":"en-US","@id":"https:\/\/secure.gravatar.com\/avatar\/94a49d6129b32d9eb6d5056109668fdaa28eabf12d6898d7916ce9dc2c9b5898?s=96&d=mm&r=g","url":"https:\/\/secure.gravatar.com\/avatar\/94a49d6129b32d9eb6d5056109668fdaa28eabf12d6898d7916ce9dc2c9b5898?s=96&d=mm&r=g","contentUrl":"https:\/\/secure.gravatar.com\/avatar\/94a49d6129b32d9eb6d5056109668fdaa28eabf12d6898d7916ce9dc2c9b5898?s=96&d=mm&r=g","caption":"H\u00e9ctor Pe\u00f1a"},"url":"https:\/\/www.esclapes.com\/en\/author\/hector\/"},{"@type":"ImageObject","inLanguage":"en-US","@id":"https:\/\/www.esclapes.com\/en\/esclapes-e-hijos-protects-clock-tower-alicante-city-hall\/#local-main-organization-logo","url":"https:\/\/www.esclapes.com\/wp-content\/uploads\/2023\/07\/ESCLAPES-LOGO-CUADRADO.png","contentUrl":"https:\/\/www.esclapes.com\/wp-content\/uploads\/2023\/07\/ESCLAPES-LOGO-CUADRADO.png","width":1191,"height":1191,"caption":"Esclap\u00e9s e Hijos, S.L."}]}},"_links":{"self":[{"href":"https:\/\/www.esclapes.com\/en\/wp-json\/wp\/v2\/posts\/46642","targetHints":{"allow":["GET"]}}],"collection":[{"href":"https:\/\/www.esclapes.com\/en\/wp-json\/wp\/v2\/posts"}],"about":[{"href":"https:\/\/www.esclapes.com\/en\/wp-json\/wp\/v2\/types\/post"}],"author":[{"embeddable":true,"href":"https:\/\/www.esclapes.com\/en\/wp-json\/wp\/v2\/users\/3"}],"replies":[{"embeddable":true,"href":"https:\/\/www.esclapes.com\/en\/wp-json\/wp\/v2\/comments?post=46642"}],"version-history":[{"count":0,"href":"https:\/\/www.esclapes.com\/en\/wp-json\/wp\/v2\/posts\/46642\/revisions"}],"wp:featuredmedia":[{"embeddable":true,"href":"https:\/\/www.esclapes.com\/en\/wp-json\/wp\/v2\/media\/46640"}],"wp:attachment":[{"href":"https:\/\/www.esclapes.com\/en\/wp-json\/wp\/v2\/media?parent=46642"}],"wp:term":[{"taxonomy":"category","embeddable":true,"href":"https:\/\/www.esclapes.com\/en\/wp-json\/wp\/v2\/categories?post=46642"},{"taxonomy":"post_tag","embeddable":true,"href":"https:\/\/www.esclapes.com\/en\/wp-json\/wp\/v2\/tags?post=46642"}],"curies":[{"name":"wp","href":"https:\/\/api.w.org\/{rel}","templated":true}]}}